{"id":105,"date":"2023-02-23T21:13:47","date_gmt":"2023-02-23T20:13:47","guid":{"rendered":"https:\/\/solariska.pl\/?p=105"},"modified":"2023-05-18T14:18:47","modified_gmt":"2023-05-18T12:18:47","slug":"office","status":"publish","type":"post","link":"https:\/\/solariska.pl\/index.php\/2023\/02\/23\/office\/","title":{"rendered":"Office"},"content":{"rendered":"\n<p>Gdyby kto\u015b zastanawia\u0142 si\u0119, czy <a href=\"https:\/\/solariska.pl\/index.php\/2022\/09\/22\/ten-typ-pospiech\/\" target=\"_blank\" rel=\"noreferrer noopener\">Ten Typ Po\u015bpiech<\/a> ostatecznie mnie przygni\u00f3t\u0142, czy te\u017c nie, wystarczy spojrze\u0107 na daty ostatniego wpisu i dzisiejszego. Wtem wszystko stanie si\u0119 jasne.<\/p>\n\n\n\n<p>S\u0142owa wci\u0105\u017c si\u0119 we mnie pl\u0105cz\u0105 i czuj\u0119 tak\u0105 potrzeb\u0119 prowadzenia czego\u015b w stylu pami\u0119tnika. Tylko pisa\u0107 r\u0119cznie ju\u017c mi si\u0119 tak nie chce jak kiedy\u015b, albo po prostu nie mam na to czasu. Blogowanie zawsze wydawa\u0142o mi si\u0119 fajne. To ciekawe tak troch\u0119 si\u0119 ods\u0142ania\u0107, a troch\u0119 nie. Mo\u017ce kto\u015b to przeczyta, a mo\u017ce nie. Mo\u017ce wywo\u0142a jak\u0105\u015b emocj\u0119, mo\u017ce kto\u015b pomy\u015bli &#8222;Ej, mam tak samo!&#8221;. W szufladowym pami\u0119tniku nie ma na to szans, bo nikt go nie przeczyta. Inaczej si\u0119 tam te\u017c pisze. Czy bardziej szczerze? To ju\u017c kwestia bardzo indywidualna. Pisanie papierowego pami\u0119tnika jako\u015b nie wchodzi u mnie ju\u017c w gr\u0119, chocia\u017c praktykowa\u0142am to przez nieca\u0142e dwadzie\u015bcia lat swojego \u017cycia. A mam trzydzie\u015bci. Tak\u017ce ten. Fajne to by\u0142o, ale chyba tymczasowo czas spe\u0142ni\u0142o swoj\u0105 rol\u0119. <\/p>\n\n\n\n<p>A co z tym Po\u015bpiechem? Przyszed\u0142 czas skopa\u0107 mu ty\u0142ek. Kole\u015b w tym wrze\u015bniu si\u0119 wprosi\u0142 do mojego \u017cycia i po prostu zabra\u0142 mi wszelkie zasoby. Dodatkowo wzi\u0105\u0142 ze sob\u0105 takiego typka, Zm\u0119czenie, i obaj mnie dobili. Zat\u0142ukli bez precedens\u00f3w. Wskutek tego od pa\u017adziernika z przerwami jestem chora, znowu mam pryszcze (ju\u017c nie ma czasu na zdrowe koktajle i odpowiedni\u0105 dawk\u0119 pilatesu, nie m\u00f3wi\u0105c o spaniu!), w lustrze wygl\u0105dam jak, co najwy\u017cej, krzepka stulatka, a blask z oczu spakowa\u0142 walizk\u0119, rzuci\u0142 suche &#8222;nara&#8221; i znikn\u0105\u0142. Tak wygl\u0105da \u017cycie matki na pe\u0142nym etacie z p\u00f3\u0142torarocznym b\u0105blem. Tfu. Tak wygl\u0105da MOJE \u017cycie na pe\u0142nym etacie z p\u00f3\u0142torarocznym b\u0105blem. Mo\u017ce s\u0105 kobiety, kt\u00f3re lepiej sobie z tym radz\u0105. M\u00f3j m\u00f3zg, po cz\u0119sto ledwo pi\u0119ciu godzinach przerywanego snu, budziku o 5:30, o\u015bmiogodzinnym wysi\u0142ku umys\u0142owym w biurze (gdzie wypada wygl\u0105da\u0107 jakkolwiek przyzwoicie i m\u00f3wi\u0107 do rzeczy) w godzinach 7-15, nast\u0119pnie dw\u00f3ch godzinach sp\u0119dzonych z rozmarudzonym po \u017c\u0142obkowych bod\u017acach b\u0105blem, <em>[m\u00f3j m\u00f3zg]<\/em> przypomina papk\u0119, cia\u0142o si\u0119 rozlatuje, a si\u0142y zaczynaj\u0105 mie\u0107 katar. <em>Welcome to my world<\/em>.<\/p>\n\n\n\n<p>Mo\u017ce troch\u0119 demonizuj\u0119, ale w\u0142a\u015bciwie tak to mniej wi\u0119cej wygl\u0105da\u0142o. W imi\u0119 czego? W imi\u0119 czego, ja si\u0119 pytam? W imi\u0119 czego wpad\u0142am pi\u0119\u0107 miesi\u0119cy temu do czarnej dziury i nagle mamy luty, a ja wcale nie jestem bogatsza, tylko um\u0119czona i zestresowana? <\/p>\n\n\n\n<p>Specjalizuj\u0119 si\u0119 w rzucaniu takich rzeczy w choler\u0119. Gdyby kto\u015b pyta\u0142, dlaczego cz\u0119sto zmieniam prac\u0119, oto dlaczego: nie umiem i nie chce mi si\u0119 si\u0119 zaje\u017cd\u017ca\u0107 dla kiepskiej wyp\u0142aty i po*ebanych ludzi. Angielskie s\u0142owo &#8222;biuro&#8221; ma w sumie ca\u0142kiem sensowne znaczenie, gdyby je rozebra\u0107 na czynniki pierwsze: biurowe zombie s\u0105 troch\u0119 &#8222;off&#8221; i na pewno troch\u0119 &#8222;ice&#8221;. Albo nie troch\u0119, tylko bardzo.<\/p>\n\n\n\n<p>Wiem. Wiem, \u017ce nie wsz\u0119dzie i nie zawsze. Mo\u017ce to po prostu ja tak trafiam. Ilekro\u0107 mi si\u0119 zamarzy kariera czy co\u015b takiego, rzeczywisto\u015b\u0107 daje mi po g\u0119bie.<\/p>\n\n\n\n<p>Mo\u017ce zatem nie dla mnie kariera. Mo\u017ce jest dla mnie zupe\u0142nie co\u015b innego. Tylko co?<\/p>\n\n\n\n<p>W\u0142a\u015bnie dlatego rzucam w choler\u0119, bo wol\u0119 i\u015b\u0107 tego czego\u015b szuka\u0107 ni\u017c sta\u0107 w miejscu z lud\u017ami typu <em>off ice<\/em>.<\/p>\n\n\n\n<p>Zatem id\u0119 troch\u0119 powalczy\u0107 o siebie, z tym ma\u0142ym b\u0105blem pod pach\u0105. Dzi\u015b, na ten przyk\u0142ad, posz\u0142am w ko\u0144cu biega\u0107. To by\u0142o wspania\u0142e uczucie. W perspektywie kilka ostatnich, ci\u0119\u017cszych dni w biurowym re\u017cimie, a p\u00f3\u017aniej&#8230; Ach! <em>To be continued<\/em>&#8230;<\/p>\n","protected":false},"excerpt":{"rendered":"<p>Gdyby kto\u015b zastanawia\u0142 si\u0119, czy Ten Typ Po\u015bpiech ostatecznie mnie przygni\u00f3t\u0142, czy te\u017c nie, wystarczy spojrze\u0107 na daty ostatniego wpisu i dzisiejszego. Wtem&hellip;<\/p>\n","protected":false},"author":1,"featured_media":107,"comment_status":"open","ping_status":"open","sticky":false,"template":"","format":"standard","meta":{"footnotes":""},"categories":[14,11],"tags":[],"class_list":["post-105","post","type-post","status-publish","format-standard","has-post-thumbnail","hentry","category-news","category-zycko"],"_links":{"self":[{"href":"https:\/\/solariska.pl\/index.php\/wp-json\/wp\/v2\/posts\/105","targetHints":{"allow":["GET"]}}],"collection":[{"href":"https:\/\/solariska.pl\/index.php\/wp-json\/wp\/v2\/posts"}],"about":[{"href":"https:\/\/solariska.pl\/index.php\/wp-json\/wp\/v2\/types\/post"}],"author":[{"embeddable":true,"href":"https:\/\/solariska.pl\/index.php\/wp-json\/wp\/v2\/users\/1"}],"replies":[{"embeddable":true,"href":"https:\/\/solariska.pl\/index.php\/wp-json\/wp\/v2\/comments?post=105"}],"version-history":[{"count":3,"href":"https:\/\/solariska.pl\/index.php\/wp-json\/wp\/v2\/posts\/105\/revisions"}],"predecessor-version":[{"id":110,"href":"https:\/\/solariska.pl\/index.php\/wp-json\/wp\/v2\/posts\/105\/revisions\/110"}],"wp:featuredmedia":[{"embeddable":true,"href":"https:\/\/solariska.pl\/index.php\/wp-json\/wp\/v2\/media\/107"}],"wp:attachment":[{"href":"https:\/\/solariska.pl\/index.php\/wp-json\/wp\/v2\/media?parent=105"}],"wp:term":[{"taxonomy":"category","embeddable":true,"href":"https:\/\/solariska.pl\/index.php\/wp-json\/wp\/v2\/categories?post=105"},{"taxonomy":"post_tag","embeddable":true,"href":"https:\/\/solariska.pl\/index.php\/wp-json\/wp\/v2\/tags?post=105"}],"curies":[{"name":"wp","href":"https:\/\/api.w.org\/{rel}","templated":true}]}}