{"id":176,"date":"2023-09-04T13:37:44","date_gmt":"2023-09-04T11:37:44","guid":{"rendered":"https:\/\/solariska.pl\/?p=176"},"modified":"2023-09-04T13:37:44","modified_gmt":"2023-09-04T11:37:44","slug":"czy-umiem-byc-blogerka","status":"publish","type":"post","link":"https:\/\/solariska.pl\/index.php\/2023\/09\/04\/czy-umiem-byc-blogerka\/","title":{"rendered":"Czy umiem by\u0107 blogerk\u0105?"},"content":{"rendered":"\n<p>Ha, to jest \u015bwietne pytanie. Bloger\u00f3w na p\u0119czki (chocia\u017c coraz mniejsze), bloger\u00f3w instagramowych jeszcze wi\u0119cej\u2026 a w tym wszystkim trendy, mody, pokazywanie, porady, tipy, uczenie \u201ejak\u201d. B\u0119d\u0105c ju\u017c jaki\u015b czas cz\u0119\u015bci\u0105 instagramowej spo\u0142eczno\u015bci musz\u0119 stwierdzi\u0107, \u017ce mocno mnie to zm\u0119czy\u0142o. Wydrenowa\u0142o. Przegl\u0105daj\u0105c r\u00f3\u017cne blogi\u2026 to samo. Wszyscy pisz\u0105 o szcz\u0119\u015bliwym \u017cyciu i zapraszaj\u0105 do nalania sobie kubka kawy i rozgoszczenia si\u0119. To mi\u0142e, ale strasznie, strasznie oklepane. Mo\u017ce ja jestem nienormalna, ale jako\u015b nie kupuj\u0119 tego. Jasne, \u017ce fajnie wie\u015b\u0107 szcz\u0119\u015bliwe \u017cycie, ale czy nie ma innych slogan\u00f3w? Ludzie lubi\u0105 podgl\u0105da\u0107 innych szcz\u0119\u015bliwe \u017cycia, ale czy to jest do ko\u0144ca zdrowe? I co to w og\u00f3le znaczy: szcz\u0119\u015bliwe \u017cycie? Kto\u015b mi powie? Bo je\u015bli to oznacza \u201ewolne poranki z kubkiem delikatnie paruj\u0105cej zielonej herbaty\/kawy\/matchy\u201d, to ja dzi\u0119kuj\u0119 z g\u00f3ry za takie wyja\u015bnienie. Takich to ja sobie znajd\u0119 na p\u0119czki w internetach.<\/p>\n\n\n\n<p>Mia\u0142am taki moment, \u017ce chcia\u0142am tego. Wpad\u0142am w takie dziwne sid\u0142a, \u017ce chc\u0119 pokazywa\u0107 swoje super \u017cycie i chc\u0119 by\u0107 tak\u0105 \u201ezaplanowan\u0105\u201d blogerk\u0105, kt\u00f3ra daje tipy i porady, bo takie rzeczy si\u0119 czyta. P\u00f3\u017aniej si\u0119 ma followers\u00f3w i wsp\u00f3\u0142prace. Chcia\u0142am si\u0119 tego \u201enauczy\u0107\u201d i tak dzia\u0142a\u0107. Rezultat: nie umiem.<\/p>\n\n\n\n<p>No nie umiem. Napisa\u0107 pi\u0119ciu blogowych post\u00f3w od serca, aby publikowa\u0107 je zgodnie z zaplanowanym harmonogramem. Wtedy nie s\u0105 od serca. I tak si\u0119 odbija\u0142am przez kilka miesi\u0119cy raz w jedn\u0105, raz w drug\u0105. Bywa\u0142am bogink\u0105 zorganizowania, zrobi\u0142am harmonogram publikacji na jednym, drugim, trzecim koncie. Wyszuka\u0142am tematy, napisa\u0142am co nieco. No i nie umiem, no. Nie jestem zwierz\u0119ciem instagramowym, mo\u017ce nawet nie blogowym, i chyba pora spojrze\u0107 prawdzie w oczy.<\/p>\n\n\n\n<p>Jako \u017ce co najmniej kilku bloger\u00f3w\/blogerek, kt\u00f3rych blogi naprawd\u0119 lubi\u0142am czyta\u0107, przenios\u0142o si\u0119 na sta\u0142e na instagramowe przestrzenie, zosta\u0142y mi dwie osoby, kt\u00f3rych strony odwiedzam regularnie. W tym jedna z nich nie ma insta (!). Mia\u0142a, ale zrezygnowa\u0142a, za co naprawd\u0119 szanuj\u0119, bo jest to jedno z bogatszych pod k\u0105tem warto\u015bciowych tre\u015bci miejsce w sieci. Druga osoba ma IG, ale wybaczam, bo nie odpu\u015bci\u0142a publikowania na witrynie. I nadal jest to publikowanie interesuj\u0105ce, ciekawe, czasami wr\u0119cz wzruszaj\u0105ce, a i wielokrotnie: pi\u0119kne.<\/p>\n\n\n\n<p>Chyba \u015bwiadomie odpuszcz\u0119 instagramowe przestrzenie, a na pewno pod k\u0105tem dzia\u0142ania \u201epo co\u015b\u201d konkretnego. Albo pod k\u0105tem pokazywania \u017cycia, kt\u00f3rego wcale nie prowadz\u0119. Pod k\u0105tem pokazywania, \u017ce wyje\u017cd\u017cam co chwil\u0119 w inny zak\u0105tek Europy, wcinam rukol\u0119, kt\u00f3r\u0105 zapijam match\u0105 podczas moich mindfullness porank\u00f3w. Odziana w szlafrok z we\u0142ny merino, na kt\u00f3ry mnie nie sta\u0107. Pod k\u0105tem publikowania informacji o biznesie, kt\u00f3rego rozwijanie idzie bardzo, bardzo powoli, mozolnie i trudno. Bez &#8222;och\u00f3w&#8221; i &#8222;ach\u00f3w&#8221; oraz bez porad.<\/p>\n\n\n\n<p>A co z tym blogowaniem i pytaniem z tytu\u0142u \u2013 czy umiem by\u0107 blogerk\u0105? Nie wiem, ostatnio w og\u00f3le nie wiem, kim umiem by\u0107, kim chcia\u0142abym by\u0107, a kim faktycznie jestem. Mo\u017ce tego wcale nie trzeba umie\u0107? Mo\u017ce nie wszystko musi by\u0107 zautomatyzowane, przemy\u015blane, policzone, a do tego jeszcze pi\u0119kne, minimalistyczne, w odcieniach be\u017cu i br\u0105zu\u2026?<\/p>\n\n\n\n<p>Gdy wpadam w sid\u0142a instagramowych tren\u00f3w i doradc\u00f3w, wtedy odpowied\u017a z tytu\u0142u wpisu brzmi: nie, nie umiem by\u0107 blogerk\u0105, bo nie mam \u201e10 porad na\u2026\u201d ani nawet \u201e5 sposob\u00f3w, aby\u2026\u201d. Nawet jak si\u0119 bardzo staram i m\u00f3\u017cd\u017c\u0119, to nadal nie umiem skleci\u0107 \u017cadnych sensownych porad. Nie poczuwam si\u0119 do tego. Wi\u0119c je\u015bli tak na to patrze\u0107, to nie umiem by\u0107 blogerk\u0105 za \u017cadne skarby \u015bwiata. Mimo \u017ce chyba sporo mam do powiedzenia, mam sw\u00f3j \u015bwiatopogl\u0105d i do\u015bwiadczenia, kt\u00f3re mnie ukszta\u0142towa\u0142y.<\/p>\n\n\n\n<p>Bardzo ch\u0119tnie jednak dokonuj\u0119 s\u0142ownej ekspresji swojej wra\u017cliwo\u015bci na ten \u015bwiat.<\/p>\n\n\n\n<p>I zawsze lubi\u0142am pisa\u0107, i podobno ca\u0142kiem nie\u017ale mi to wychodzi\u0142o, to jak? To umiem by\u0107 t\u0105 blogerk\u0105 czy nie?<\/p>\n\n\n\n<p>Mo\u017ce blogowanie mo\u017ce by\u0107 o tym, \u017ce bywam bardzo nieposk\u0142adana jednego dnia, a nast\u0119pnego planuj\u0119 przestrze\u0144 zgodnie z najnowszymi trendami. \u017be jednego dnia przecinki uciekaj\u0105 mi spod palc\u00f3w, a nast\u0119pnego t\u0119po klikam w spacj\u0119. \u017be jem rozmro\u017cone kotlety sprzed 4 tygodni na obiad, bo nie zawsze mam przestrze\u0144 na zrobienie fensiszmensi posi\u0142ku dla ca\u0142ej rodziny. I nie przygrywa mi w tle Bach ani nawet RMF Classic, tylko g\u0142uche odg\u0142osy remontu s\u0105siada i wyj\u0105cy dwulatek.<\/p>\n\n\n\n<p>Je\u017celi takie blogowanie te\u017c si\u0119 liczy, to chyba umiem. Id\u0119 w to.<\/p>\n","protected":false},"excerpt":{"rendered":"<p>Wszyscy pisz\u0105 o szcz\u0119\u015bliwym \u017cyciu i zapraszaj\u0105 do nalania sobie kubka kawy i rozgoszczenia si\u0119. To mi\u0142e, ale strasznie, strasznie oklepane. Mo\u017ce ja jestem nienormalna, ale jako\u015b nie kupuj\u0119 tego. Jasne, \u017ce fajnie wie\u015b\u0107 szcz\u0119\u015bliwe \u017cycie, ale czy nie ma innych slogan\u00f3w?<\/p>\n","protected":false},"author":1,"featured_media":177,"comment_status":"open","ping_status":"open","sticky":false,"template":"","format":"standard","meta":{"footnotes":""},"categories":[14,11],"tags":[],"class_list":["post-176","post","type-post","status-publish","format-standard","has-post-thumbnail","hentry","category-news","category-zycko"],"_links":{"self":[{"href":"https:\/\/solariska.pl\/index.php\/wp-json\/wp\/v2\/posts\/176","targetHints":{"allow":["GET"]}}],"collection":[{"href":"https:\/\/solariska.pl\/index.php\/wp-json\/wp\/v2\/posts"}],"about":[{"href":"https:\/\/solariska.pl\/index.php\/wp-json\/wp\/v2\/types\/post"}],"author":[{"embeddable":true,"href":"https:\/\/solariska.pl\/index.php\/wp-json\/wp\/v2\/users\/1"}],"replies":[{"embeddable":true,"href":"https:\/\/solariska.pl\/index.php\/wp-json\/wp\/v2\/comments?post=176"}],"version-history":[{"count":1,"href":"https:\/\/solariska.pl\/index.php\/wp-json\/wp\/v2\/posts\/176\/revisions"}],"predecessor-version":[{"id":178,"href":"https:\/\/solariska.pl\/index.php\/wp-json\/wp\/v2\/posts\/176\/revisions\/178"}],"wp:featuredmedia":[{"embeddable":true,"href":"https:\/\/solariska.pl\/index.php\/wp-json\/wp\/v2\/media\/177"}],"wp:attachment":[{"href":"https:\/\/solariska.pl\/index.php\/wp-json\/wp\/v2\/media?parent=176"}],"wp:term":[{"taxonomy":"category","embeddable":true,"href":"https:\/\/solariska.pl\/index.php\/wp-json\/wp\/v2\/categories?post=176"},{"taxonomy":"post_tag","embeddable":true,"href":"https:\/\/solariska.pl\/index.php\/wp-json\/wp\/v2\/tags?post=176"}],"curies":[{"name":"wp","href":"https:\/\/api.w.org\/{rel}","templated":true}]}}