{"id":186,"date":"2023-09-14T22:28:32","date_gmt":"2023-09-14T20:28:32","guid":{"rendered":"https:\/\/solariska.pl\/?p=186"},"modified":"2023-09-14T22:30:52","modified_gmt":"2023-09-14T20:30:52","slug":"gdzie-sa-moje-koraliki-czyli-o-zachwycie","status":"publish","type":"post","link":"https:\/\/solariska.pl\/index.php\/2023\/09\/14\/gdzie-sa-moje-koraliki-czyli-o-zachwycie\/","title":{"rendered":"Gdzie s\u0105 moje koraliki? Czyli o zachwycie"},"content":{"rendered":"\n<p>Zerkam sobie beztrosko raz po raz, jak li\u015bcie bananowca delikatnie rozwijaj\u0105 si\u0119 zieleni\u0105 z dnia na dzie\u0144 i\u2026 ciesz\u0119 si\u0119 w duchu, \u017ce rozlewa si\u0119 we mnie powr\u00f3t do literacko\u015bci. T\u0142umacz\u0119 to sobie takim swoistym wewn\u0119trznym otwarciem na\u2026 zachwyt. <\/p>\n\n\n\n<p>Razu pewnego zauwa\u017cy\u0142am, \u017ce codzienno\u015b\u0107 nie sprawia mi takiej przyjemno\u015bci, jak kiedy\u015b. \u017be po prostu jest. I okej, ale chodzi o to, \u017ce ja tak nigdy nie mia\u0142am \u2013 zawsze zwraca\u0142am uwag\u0119 na drobne rzeczy, cieszy\u0142am si\u0119 ksi\u0105\u017ck\u0105 wypo\u017cyczon\u0105 z biblioteki, ka\u017cd\u0105 now\u0105 zas\u0142yszan\u0105 nut\u0105, pisa\u0142am na pot\u0119g\u0119 \u2013 wierszy, opowiada\u0144, pami\u0119tnik\u00f3w. Zachwyca\u0142y mnie s\u0142owa, muzyka, zachody s\u0142o\u0144ca. Takie ot, proste banalne rzeczy. P\u00f3\u017aniej jako\u015b to si\u0119 sko\u0144czy\u0142o, pierzch\u0142o niezauwa\u017calnie, albo co najmniej wyciszy\u0142o \u2013 mo\u017ce przez rutyn\u0119 spowodowan\u0105 ko\u0144cem studi\u00f3w, p\u00f3j\u015bciem do pracy tak ju\u017c na pe\u0142en etat, start Naprawd\u0119 Powa\u017cnego \u017bycia. Wieczorem serial, po drodze troch\u0119 sportu lub spacer i\u2026 mo\u017ce to troch\u0119 zabi\u0142o we mnie to co\u015b, co lubi\u0119 nazywa\u0107 literacko\u015bci\u0105, wra\u017cliwo\u015bci\u0105 na s\u0142owo, a tak\u017ce na wszelkie inne drobiazgi, kt\u00f3re sk\u0142adaj\u0105 si\u0119 na ten przeogromny \u015bwiat.<\/p>\n\n\n\n<p>Ciesz\u0119 si\u0119, \u017ce dokona\u0142am takiego odkrycia \u2013 \u017ce brak mi tego zachwytu i nie chc\u0119, \u017ceby ta codzienno\u015b\u0107 po prostu przelewa\u0142a si\u0119 przez palce. To pozwoli\u0142o mi si\u0119 zastanowi\u0107, jak wr\u00f3ci\u0107 do takiego postrzegania \u015bwiata, jak przywr\u00f3ci\u0107 b\u0142ysk w oku. Jakiej muzyki tak naprawd\u0119 lubi\u0119 teraz s\u0142ucha\u0107? Jakie historie mnie wci\u0105gaj\u0105? Czy naprawd\u0119 lubi\u0119, gdy jednolity be\u017c wylewa mi si\u0119 z szafy?&nbsp;<em>Zawsze lubi\u0142a\u015b si\u0119 wyr\u00f3\u017cnia\u0107 ciekaw\u0105 bi\u017cuteri\u0105 i ubraniem<\/em>&nbsp;\u2013 d\u017awi\u0119cz\u0105 mi w uszach raz po raz s\u0142owa J. Mimo \u017ce rutyna jest przecie\u017c tak bardzo nieunikniona, \u017ce dochodzi zm\u0119czenie szarpanymi nocami &#8211; mo\u017cna j\u0105 ubarwi\u0107, i chyba o to troch\u0119 chodzi. Zacz\u0119\u0142am odpowiada\u0107 sobie powolutku na powy\u017csze pytania. Zacz\u0119\u0142am si\u0119 zastanawia\u0107, gdzie upchn\u0119\u0142am te swoje ulubione koraliki i dlaczego wypra\u0142am garderob\u0119 z barw. <\/p>\n\n\n\n<p>Zacz\u0119\u0142am te\u017c dostrzega\u0107 wszystkie Wa\u017cne Sprawy, kt\u00f3re spotykaj\u0105 mnie i mojego dwulatka po drodze ze \u017c\u0142obka do domu. Pochylam si\u0119 z nim nad ka\u017cdym robalem, szukamy patyk\u00f3w i kamyszk\u00f3w, podziwiam koparki i d\u017awigi, wchodz\u0119 na drabinki na placu zabaw, szukamy kwiatk\u00f3w w g\u0119sto\u015bci trawy i du\u017co sobie w tym czasie opowiadamy rzeczy. Zauwa\u017camy te\u017c wszystkie samoloty przecinaj\u0105ce b\u0142\u0119kit nieba, a tak\u017ce odnotowujemy radosnym okrzykiem przejazd ka\u017cdego zielonego autobusu. Ma\u0142y bardzo si\u0119 cieszy, gdy wrzuca pi\u0105ty bieg, a ja do niego do\u0142\u0105czam i biegniemy sobie razem. Ot, tak, chodnikiem. Jest to dla niego wystarczaj\u0105cy pow\u00f3d do rado\u015bci i okrzyku: \u201eMamusia, biegniemy razem!\u201d. Gdy zatrzyma\u0107 si\u0119 w tej chwili, wcisn\u0105\u0107 pauz\u0119 i dostrzec t\u0119 drobnostk\u0119 \u2013 jest to urzekaj\u0105ce.<\/p>\n\n\n\n<p>Mo\u017ce to znami\u0119 niebycia ju\u017c dwudziestolatk\u0105, \u017ce musia\u0142am w sobie te drobiazgi obudzi\u0107. \u017be nie sta\u0142o si\u0119 to spontanicznie, na hej, na ju\u017c. \u017be nawet jak ju\u017c dokona\u0142am swojego odkrycia i postanowi\u0142am zaprosi\u0107 zachwyt do swojej codzienno\u015bci, nie sta\u0142o si\u0119 to z dnia na dzie\u0144. Dzieje si\u0119 to w spos\u00f3b powolny, jak przebudzenie po bardzo d\u0142ugim i twardym \u015bnie. Z przymru\u017caniem oczu, ze stopniowym przyzwyczajaniem do nag\u0142ej jasno\u015bci.<\/p>\n\n\n\n<p>W ten spos\u00f3b \u017cyje si\u0119 jako\u015b ciekawiej, barwniej, pe\u0142niej. Czuj\u0119, \u017ce jeszcze si\u0119 do ko\u0144ca nie obudzi\u0142am.<\/p>\n","protected":false},"excerpt":{"rendered":"<p>Patrz\u0119, jak li\u015bcie bananowca delikatnie rozwijaj\u0105 si\u0119 zieleni\u0105 z dnia na dzie\u0144 i\u2026 ciesz\u0119 si\u0119 w duchu, \u017ce rozlewa si\u0119 we mnie powr\u00f3t do literacko\u015bci. T\u0142umacz\u0119 to sobie takim swoistym wewn\u0119trznym otwarciem na\u2026 zachwyt. <\/p>\n","protected":false},"author":1,"featured_media":187,"comment_status":"open","ping_status":"open","sticky":false,"template":"","format":"standard","meta":{"footnotes":""},"categories":[14,11],"tags":[],"class_list":["post-186","post","type-post","status-publish","format-standard","has-post-thumbnail","hentry","category-news","category-zycko"],"_links":{"self":[{"href":"https:\/\/solariska.pl\/index.php\/wp-json\/wp\/v2\/posts\/186","targetHints":{"allow":["GET"]}}],"collection":[{"href":"https:\/\/solariska.pl\/index.php\/wp-json\/wp\/v2\/posts"}],"about":[{"href":"https:\/\/solariska.pl\/index.php\/wp-json\/wp\/v2\/types\/post"}],"author":[{"embeddable":true,"href":"https:\/\/solariska.pl\/index.php\/wp-json\/wp\/v2\/users\/1"}],"replies":[{"embeddable":true,"href":"https:\/\/solariska.pl\/index.php\/wp-json\/wp\/v2\/comments?post=186"}],"version-history":[{"count":3,"href":"https:\/\/solariska.pl\/index.php\/wp-json\/wp\/v2\/posts\/186\/revisions"}],"predecessor-version":[{"id":190,"href":"https:\/\/solariska.pl\/index.php\/wp-json\/wp\/v2\/posts\/186\/revisions\/190"}],"wp:featuredmedia":[{"embeddable":true,"href":"https:\/\/solariska.pl\/index.php\/wp-json\/wp\/v2\/media\/187"}],"wp:attachment":[{"href":"https:\/\/solariska.pl\/index.php\/wp-json\/wp\/v2\/media?parent=186"}],"wp:term":[{"taxonomy":"category","embeddable":true,"href":"https:\/\/solariska.pl\/index.php\/wp-json\/wp\/v2\/categories?post=186"},{"taxonomy":"post_tag","embeddable":true,"href":"https:\/\/solariska.pl\/index.php\/wp-json\/wp\/v2\/tags?post=186"}],"curies":[{"name":"wp","href":"https:\/\/api.w.org\/{rel}","templated":true}]}}