{"id":228,"date":"2025-12-02T21:57:19","date_gmt":"2025-12-02T20:57:19","guid":{"rendered":"https:\/\/solariska.pl\/?p=228"},"modified":"2025-12-02T21:57:19","modified_gmt":"2025-12-02T20:57:19","slug":"poslanie-dla-mnie-samej","status":"publish","type":"post","link":"https:\/\/solariska.pl\/index.php\/2025\/12\/02\/poslanie-dla-mnie-samej\/","title":{"rendered":"Pos\u0142anie dla mnie samej"},"content":{"rendered":"<p>Dzisiaj wpad\u0142am niechc\u0105cy na wiersz kompletnie mi nieznany, &#8222;Pos\u0142anie dla Nadwra\u017cliwych&#8221; Kazimierza D\u0105browskiego. Przypomnia\u0142o mi si\u0119 wiele rzeczy.<\/p>\n<p>Przypomnia\u0142o mi si\u0119, \u017ce kocha\u0142am czyta\u0107 wiersze i robi\u0142am to dla przyjemno\u015bci. W og\u00f3le kocha\u0142am czyta\u0107 i do tej pasji wracam intensywnie w tym roku (na szcz\u0119\u015bcie).<\/p>\n<p>Przypomnia\u0142o mi si\u0119, \u017ce kocha\u0142am pisa\u0107 i robi\u0142am to non stop, wsz\u0119dzie i pod ka\u017cdym pretekstem.<\/p>\n<p>P\u00f3\u017aniej zastanowi\u0142am si\u0119 troch\u0119 &#8211; wyzu\u0142am si\u0119 z potrzeb tworzenia i przyjmowania sztuki. G\u0142\u00f3wnie tej pisanej, bo zawsze to ona mnie najbardziej interesowa\u0142a. Z czego\u015b, co mog\u0142o by\u0107 (a mo\u017ce jest nadal) moj\u0105 najwi\u0119ksz\u0105 moc\u0105, zrobi\u0142am sobie niemoc, nieu\u017cytek, odpad, bo&#8230; Bo trzeba &#8222;dorosn\u0105\u0107&#8221;. Bo teraz ju\u017c studia. A p\u00f3\u017aniej posz\u0142o jak lawina i je\u015bli kto\u015b, tak jak ja, nie ma ugruntowanej, niezawis\u0142ej, nienaruszalnej wiary w siebie, ten z \u0142atwo\u015bci\u0105 odpu\u015bci to, co dla niego wa\u017cne. I da si\u0119 poch\u0142on\u0105\u0107 temu nurtowi codzienno\u015bci, zm\u0119czenia&#8230;, a potem jest moment ockni\u0119cia, zachwytu innymi, lekkiej zazdro\u015bci i tej natr\u0119tnej my\u015bli: &#8222;a czemu ja tak nie mog\u0119&#8230;?&#8221;. Mo\u017cesz. Tylko sobie kiedy\u015b zabroni\u0142a\u015b.<\/p>\n<p>Ta historia jest du\u017co d\u0142u\u017csza i pisana latami &#8211; nie mam ochoty si\u0119 w ni\u0105 wdra\u017ca\u0107, bo jestem na kompletnie innym etapie. Czasami jednak jak gwo\u017adzie siedz\u0105 mi w g\u0142owie s\u0142owa niekt\u00f3rych ludzi z czas\u00f3w, gdy by\u0142am nastolatk\u0105: &#8222;ty to jeste\u015b taka oaza spokoju&#8221; (w niekoniecznie pozytywnym aspekcie), &#8222;oo, cicha woda!&#8221;, itp. Machina ruszy\u0142a, bo moja inno\u015b\u0107 zacz\u0119\u0142a uwiera\u0107 mnie sam\u0105. A mog\u0142a by\u0107 moj\u0105 najwi\u0119ksz\u0105 si\u0142\u0105.<\/p>\n<p>Kto\u015b kojarzy <em>Gilmore Girls<\/em> i posta\u0107 Rory? No w\u0142a\u015bnie. Co prawda finalnie nie powiedzia\u0142abym, \u017ce &#8222;wygra\u0142a \u017cycie&#8221;, ale etap jej nastoletniego \u017cycia bardzo ze mn\u0105 rezonuje. Tyle \u017ce ona mia\u0142a do\u015b\u0107 oleju w g\u0142owie, by nie wyrzuca\u0107 swoich mi\u0142ostek do \u015bmietnika. (I nie posz\u0142a studiowa\u0107 chi\u0144skiego, bo po tym jest praca).<\/p>\n<p>Chaotycznie i bardzo osobi\u015bcie, bo od tygodni (a mo\u017ce i miesi\u0119cy? lat?) nosz\u0119 si\u0119, by znowu zacz\u0105\u0107. Nadszed\u0142 moment, kt\u00f3rego zapalnikiem by\u0142 w\u0142a\u015bnie wiersz, kt\u00f3ry wklejam poni\u017cej. Nie mam czasu na pouk\u0142adanie i redagowanie. Pasja zap\u0142on\u0119\u0142a &#8211; obym nie okaza\u0142a si\u0119 zbyt doros\u0142a, by pozwoli\u0107 jej zgasn\u0105\u0107 pod stert\u0105 rachunk\u00f3w, zm\u0119czenia, po\u015bpiechu i innych codziennostek, z kt\u00f3rych w\u0142asnor\u0119cznie wyrzucam pierwiastek romantyczno\u015bci. A wcale nie musi tak by\u0107 przecie\u017c. Ale o tym innym razem.<\/p>\n<p>Mo\u017ce musz\u0119 p\u00f3j\u015b\u0107 egoistycznie &#8211; robi\u0119 to dla siebie (pisanie).<\/p>\n<p>Albo narcystycznie &#8211; jestem taka fajna, niech ta fajno\u015b\u0107 troch\u0119 si\u0119 ods\u0142oni (hihi).<\/p>\n<p>&nbsp;<\/p>\n<div class=\"ujudUb\">B\u0105d\u017acie pozdrowieni Nadwra\u017cliwi<br aria-hidden=\"true\" \/>Za wasz\u0105 czu\u0142o\u015b\u0107 w nieczu\u0142o\u015bci \u015bwiata za niepewno\u015b\u0107 w\u015br\u00f3d jego pewno\u015bci<br aria-hidden=\"true\" \/>Za to \u017ce odczuwacie innych tak jak siebie samych zara\u017caj\u0105c si\u0119 ka\u017cdym b\u00f3lem<br aria-hidden=\"true\" \/>Za l\u0119k przed \u015bwiatem jego \u015blep\u0105 pewno\u015bci\u0105 kt\u00f3ra nie ma dna<br aria-hidden=\"true\" \/>Za potrzeb\u0119 oczyszczania r\u0105k z niewidzialnego nawet brudu ziemi<br aria-hidden=\"true\" \/>B\u0105d\u017acie pozdrowieni<\/div>\n<div class=\"ujudUb\">B\u0105d\u017acie pozdrowieni Nadwra\u017cliwi<br aria-hidden=\"true\" \/>Za wasz l\u0119k przed absurdem istnienia<br aria-hidden=\"true\" \/>I delikatno\u015b\u0107 nie m\u00f3wienia innym tego co w nich widzicie<br aria-hidden=\"true\" \/>Za niezaradno\u015b\u0107 w rzeczach zwyk\u0142ych i umiej\u0119tno\u015b\u0107 obcowania z niezwyk\u0142o\u015bci\u0105<br aria-hidden=\"true\" \/>Za realizm transcendentalny i brak realizmu \u017cyciowego<br aria-hidden=\"true\" \/>Za nieprzystosowanie do tego co jest a przystosowanie do tego co by\u0107 powinno<br aria-hidden=\"true\" \/>Za to co niesko\u0144czone nieznane niewypowiedziane<br aria-hidden=\"true\" \/>Ukryte w was<\/div>\n<div class=\"ujudUb\">B\u0105d\u017acie pozdrowieni Nadwra\u017cliwi<br aria-hidden=\"true\" \/>Za wasz\u0105 tw\u00f3rczo\u015b\u0107 i ekstaz\u0119<br aria-hidden=\"true\" \/>Za wasze zach\u0142anne przyja\u017anie mi\u0142o\u015b\u0107 i l\u0119k<br aria-hidden=\"true\" \/>\u017be mi\u0142o\u015b\u0107 mog\u0142aby umrze\u0107 jeszcze przed wami<\/div>\n<div class=\"ujudUb WRZytc\">B\u0105d\u017acie pozdrowieni<br aria-hidden=\"true\" \/>Za wasze uzdolnienia nigdy nie wykorzystane (niedocenianie waszej wielko\u015bci nie pozwoli<br aria-hidden=\"true\" \/>Pozna\u0107 wielko\u015bci tych co przyjd\u0105 po was)<br aria-hidden=\"true\" \/>Za to \u017ce chc\u0105 was zmienia\u0107 zamiast na\u015bladowa\u0107<br aria-hidden=\"true\" \/>\u017be jeste\u015bcie leczeni zamiast leczy\u0107 \u015bwiat<br aria-hidden=\"true\" \/>Za wasz\u0105 bosk\u0105 moc niszczon\u0105 przez zwierz\u0119c\u0105 si\u0142\u0119<br aria-hidden=\"true\" \/>Za niezwyk\u0142o\u015b\u0107 i samotno\u015b\u0107 waszych dr\u00f3g<br aria-hidden=\"true\" \/>B\u0105d\u017acie pozdrowieni Nadwra\u017cliwi<\/div>\n<p>&nbsp;<\/p>\n","protected":false},"excerpt":{"rendered":"<p>Dzisiaj wpad\u0142am niechc\u0105cy na wiersz kompletnie mi nieznany, &#8222;Pos\u0142anie dla Nadwra\u017cliwych&#8221; Kazimierza D\u0105browskiego. Przypomnia\u0142o mi si\u0119 wiele rzeczy. Przypomnia\u0142o mi si\u0119, \u017ce kocha\u0142am&hellip;<\/p>\n","protected":false},"author":1,"featured_media":229,"comment_status":"open","ping_status":"open","sticky":false,"template":"","format":"standard","meta":{"footnotes":""},"categories":[1],"tags":[],"class_list":["post-228","post","type-post","status-publish","format-standard","has-post-thumbnail","hentry","category-bez-kategorii"],"_links":{"self":[{"href":"https:\/\/solariska.pl\/index.php\/wp-json\/wp\/v2\/posts\/228","targetHints":{"allow":["GET"]}}],"collection":[{"href":"https:\/\/solariska.pl\/index.php\/wp-json\/wp\/v2\/posts"}],"about":[{"href":"https:\/\/solariska.pl\/index.php\/wp-json\/wp\/v2\/types\/post"}],"author":[{"embeddable":true,"href":"https:\/\/solariska.pl\/index.php\/wp-json\/wp\/v2\/users\/1"}],"replies":[{"embeddable":true,"href":"https:\/\/solariska.pl\/index.php\/wp-json\/wp\/v2\/comments?post=228"}],"version-history":[{"count":1,"href":"https:\/\/solariska.pl\/index.php\/wp-json\/wp\/v2\/posts\/228\/revisions"}],"predecessor-version":[{"id":230,"href":"https:\/\/solariska.pl\/index.php\/wp-json\/wp\/v2\/posts\/228\/revisions\/230"}],"wp:featuredmedia":[{"embeddable":true,"href":"https:\/\/solariska.pl\/index.php\/wp-json\/wp\/v2\/media\/229"}],"wp:attachment":[{"href":"https:\/\/solariska.pl\/index.php\/wp-json\/wp\/v2\/media?parent=228"}],"wp:term":[{"taxonomy":"category","embeddable":true,"href":"https:\/\/solariska.pl\/index.php\/wp-json\/wp\/v2\/categories?post=228"},{"taxonomy":"post_tag","embeddable":true,"href":"https:\/\/solariska.pl\/index.php\/wp-json\/wp\/v2\/tags?post=228"}],"curies":[{"name":"wp","href":"https:\/\/api.w.org\/{rel}","templated":true}]}}