{"id":37,"date":"2022-06-29T22:52:37","date_gmt":"2022-06-29T20:52:37","guid":{"rendered":"http:\/\/solariska.pl\/?p=37"},"modified":"2023-05-18T14:18:27","modified_gmt":"2023-05-18T12:18:27","slug":"panna-zlosc","status":"publish","type":"post","link":"https:\/\/solariska.pl\/index.php\/2022\/06\/29\/panna-zlosc\/","title":{"rendered":"Panna Z\u0142o\u015b\u0107"},"content":{"rendered":"\n<p><em><a href=\"https:\/\/solariska.pl\/?page_id=39\" data-type=\"page\" data-id=\"39\" target=\"_blank\" rel=\"noreferrer noopener\">\u017ar\u00f3d\u0142o: pixabay<\/a><\/em><\/p>\n\n\n\n<p>Siedz\u0119 wypompowana z emocji i nawet wina nie mog\u0119 si\u0119 napi\u0107. Mo\u017ce to i lepiej. Mo\u017ce w taki spos\u00f3b w\u0142a\u015bnie wpada si\u0119 w alkoholizm.<\/p>\n\n\n\n<p>Macierzy\u0144stwo to temat rzeka \u2013 wiadoma sprawa. I p\u00f3ki ka\u017cda kobieta, kt\u00f3ra jest matk\u0105, nie spisze lub nie opowie o w\u0142asnych do\u015bwiadczeniach i przemy\u015bleniach, p\u00f3ty ten termin nigdy nie zostanie do ko\u0144ca zdefiniowany \u2013 takie jest moje zdanie po roku bycia mam\u0105.<\/p>\n\n\n\n<p>Po roku. M\u00f3j syn jutro sko\u0144czy rok. A w\u0142a\u015bciwie dzi\u015b w nocy \u2013 o 1:26. Rok temu o tej porze ju\u017c wi\u0142am si\u0119 w skurczowych b\u00f3lach, gdy m\u00f3j synek pcha\u0142 si\u0119 na \u015bwiat. Ambiwalencja tego do\u015bwiadczenia troch\u0119 mnie przera\u017ca. Bo trze\u017awy umys\u0142 zapyta \u2013 jak co\u015b takiego mo\u017ce by\u0107 pi\u0119kne? A wiele matek odpowie: w tym po prostu jest pi\u0119kno. To JEST pi\u0119knem. A pi\u0119kno cz\u0119sto boli.<\/p>\n\n\n\n<p>Nie staram si\u0119 nawet zdefiniowa\u0107 macierzy\u0144stwa. W tym momencie, w tych minutach, gdy litery sp\u0142ywaj\u0105 z palc\u00f3w, nie mam si\u0142y my\u015ble\u0107, czym jest macierzy\u0144stwo dla mnie. A to, \u017ce pisz\u0119 ten tekst w przeddzie\u0144 urodzin mojego syna to czysty przypadek, nie ch\u0119\u0107 zaakcentowania.<\/p>\n\n\n\n<p>Pisz\u0119, bo zacz\u0119\u0142am malowa\u0107 paznokcie, gdy wreszcie uda\u0142o mi si\u0119 od\u0142o\u017cy\u0107 malucha do \u0142\u00f3\u017ceczka po kolejnym wieczorze z trudnym usypianiem. Zacz\u0119\u0142am malowa\u0107 paznokcie i s\u0142ucha\u0107 muzyki, wy\u0142\u0105czywszy emocje. Czu\u0142am si\u0119 ot\u0119pia\u0142a. W pewnym momencie poczu\u0142am znajome szarpni\u0119cie. S\u0142owa. Zacz\u0119\u0142y ple\u015b\u0107 w mojej g\u0142owie zdania. Trzeba co\u015b napisa\u0107. <em>Napisz nas, opisz to<\/em>.<\/p>\n\n\n\n<p>Zatem, jak wspomnia\u0142am, nie staram si\u0119 zdefiniowa\u0107 macierzy\u0144stwa. Mog\u0119 natomiast stara\u0107 si\u0119 je opisa\u0107 z mojej perspektywy, chocia\u017c w jakim\u015b male\u0144kim stopniu. Dzisiaj na przyk\u0142ad\u2026 przela\u0142 si\u0119 we mnie temat z\u0142o\u015bci. Z\u0142o\u015b\u0107. To jest emocja, kt\u00f3rej si\u0119 boj\u0119, tak w og\u00f3le, w ca\u0142ym \u017cyciu, nie tylko w macierzy\u0144stwie. Zawsze si\u0119 jej ba\u0142am. Cz\u0119sto wybiera\u0142am potulne ugody kosztem rezygnacji z siebie, by nie wpa\u015b\u0107 pod czyj\u0105\u015b z\u0142o\u015b\u0107 \u2013 bo ona jest jak siekiera. Nigdy te\u017c nie umia\u0142am si\u0119 z\u0142o\u015bci\u0107. Zawsze od razu p\u0142aka\u0142am. Nie wiem, czy kto\u015b nauczy\u0142 mnie sobie z ni\u0105 radzi\u0107. Nie wiem, czy ja si\u0119 nauczy\u0142am sobie z ni\u0105 radzi\u0107. Dlatego tym bardziej si\u0119 jej boj\u0119, bo je\u015bli nie znam z\u0142o\u015bci w sobie, to jak mam nad ni\u0105 panowa\u0107?<\/p>\n\n\n\n<p>A z\u0142o\u015b\u0107 w macierzy\u0144stwie si\u0119 pojawia, mimowolnie, w r\u00f3\u017cnych momentach, nawet b\u0142ahych. Mimo \u017ce, jak w tym memie, wmawiam sobie, \u017ce <em>jestem pierdo***ym kwiatem lotosu na zajebistej tafli jeb***go jeziora<\/em>, to zazwyczaj jest za p\u00f3\u017ano. Z\u0142o\u015b\u0107 jest jak\u2026 trucizna wstrzykni\u0119ta w \u017cy\u0142\u0119. Nim zd\u0105\u017c\u0119 siebie przekona\u0107, \u017ce faktycznie jestem tym kwiatem lotosu, to ona ju\u017c p\u0142ynie kanalikami w ciele, uderza do m\u00f3zgu i przejmuje kontrol\u0119. Z\u0142o\u015b\u0107 w macierzy\u0144stwie mnie przera\u017ca. I mog\u0119 sobie t\u0142umaczy\u0107, \u017ce to ze zm\u0119czenia, z rutyny, ju\u017c rok jestem sam na sam z niemowlakiem w domu, bez wi\u0119kszych odskoczni, ju\u017c rok nie dosypiam, ju\u017c rok&#8230; Mog\u0119 to sobie tak t\u0142umaczy\u0107.<\/p>\n\n\n\n<p>Ale nie wyt\u0142umacz\u0119 tego w tym momencie mojemu dziecku. A ju\u017c widz\u0119, \u017ce ono czuje, wie. Widzi z\u0142o\u015b\u0107, mo\u017ce j\u0105 przejmuje. Boi si\u0119 jej? Czy te wszystkie sytuacje s\u0105 warte tej z\u0142o\u015bci?<\/p>\n\n\n\n<p>Ona sieje spustoszenie, wypacza charaktery, zostawia po sobie znamiona. Boj\u0119 si\u0119 z\u0142o\u015bci i nie umiem jej. Nie chc\u0119 jej czu\u0107 i nie chc\u0119, by moje dziecko widzia\u0142o, \u017ce sobie z ni\u0105 nie radz\u0119. Ale zdaj\u0119 sobie spraw\u0119, \u017ce nie da si\u0119 jej usun\u0105\u0107 z elementarza odczu\u0107. Jest wa\u017cna, jest naturalnym odruchem niezgody na to, co si\u0119 dzieje; dobrym narz\u0119dziem, takim alarmem w\u0142asnej to\u017csamo\u015bci, gdy na przyk\u0142ad kto\u015b narusza nasze granice. Kwesti\u0105 najistotniejsz\u0105 jest umie\u0107 z niej korzysta\u0107 m\u0105drze, tylko\u2026 to chyba jest najtrudniejsze.<\/p>\n\n\n\n<p>Macierzy\u0144stwo to wyzwanie. Przy ca\u0142ej emocjonalno\u015bci, wachlarzu sytuacji i kontekst\u00f3w, jakie temu towarzysz\u0105, wstawanie w nocy to naprawd\u0119 piku\u015b. Chocia\u017c te\u017c nie jest to \u0142atwe.<\/p>\n\n\n\n<p>Bez puenty zostawi\u0119 to wszystko sobie tutaj, w przestworzach. Matczyny m\u00f3zg w\u0142a\u015bnie miga na czerwono wy\u0142adowan\u0105 bateryjk\u0105. Jutro podsumuj\u0119 sobie wszystko, wstan\u0119 jak co dzie\u0144, zobacz\u0119 u\u015bmiech mojego synka i zapomn\u0119 o wszystkim. Kolejny dzie\u0144 jest czyst\u0105 kart\u0105, na kt\u00f3rej b\u0119d\u0119 mia\u0142a szans\u0119 odnotowa\u0107 wygran\u0105 z t\u0105 sucz\u0105, pann\u0105 z\u0142o\u015bci\u0105.<\/p>\n\n\n\n<p>Dobrej nocy,<\/p>\n\n\n\n<figure class=\"wp-block-image size-full is-resized\"><img loading=\"lazy\" decoding=\"async\" src=\"https:\/\/solariska.pl\/wp-content\/uploads\/2022\/06\/solariska-5-1.png\" alt=\"\" class=\"wp-image-32\" width=\"122\" height=\"122\" srcset=\"https:\/\/solariska.pl\/wp-content\/uploads\/2022\/06\/solariska-5-1.png 500w, https:\/\/solariska.pl\/wp-content\/uploads\/2022\/06\/solariska-5-1-300x300.png 300w, https:\/\/solariska.pl\/wp-content\/uploads\/2022\/06\/solariska-5-1-150x150.png 150w\" sizes=\"auto, (max-width: 122px) 100vw, 122px\" \/><\/figure>\n","protected":false},"excerpt":{"rendered":"<p>Siedz\u0119 wypompowana z emocji i nawet wina nie mog\u0119 si\u0119 napi\u0107. Mo\u017ce to i lepiej. Mo\u017ce w taki spos\u00f3b w\u0142a\u015bnie wpada si\u0119 w alkoholizm.<\/p>\n","protected":false},"author":1,"featured_media":38,"comment_status":"open","ping_status":"open","sticky":false,"template":"","format":"standard","meta":{"footnotes":""},"categories":[14,13],"tags":[7,6,5,3,4],"class_list":["post-37","post","type-post","status-publish","format-standard","has-post-thumbnail","hentry","category-news","category-psychologia-zdrowie","tag-dziecko","tag-emocje","tag-jestem-mama","tag-macierzynstwo","tag-mama"],"_links":{"self":[{"href":"https:\/\/solariska.pl\/index.php\/wp-json\/wp\/v2\/posts\/37","targetHints":{"allow":["GET"]}}],"collection":[{"href":"https:\/\/solariska.pl\/index.php\/wp-json\/wp\/v2\/posts"}],"about":[{"href":"https:\/\/solariska.pl\/index.php\/wp-json\/wp\/v2\/types\/post"}],"author":[{"embeddable":true,"href":"https:\/\/solariska.pl\/index.php\/wp-json\/wp\/v2\/users\/1"}],"replies":[{"embeddable":true,"href":"https:\/\/solariska.pl\/index.php\/wp-json\/wp\/v2\/comments?post=37"}],"version-history":[{"count":3,"href":"https:\/\/solariska.pl\/index.php\/wp-json\/wp\/v2\/posts\/37\/revisions"}],"predecessor-version":[{"id":42,"href":"https:\/\/solariska.pl\/index.php\/wp-json\/wp\/v2\/posts\/37\/revisions\/42"}],"wp:featuredmedia":[{"embeddable":true,"href":"https:\/\/solariska.pl\/index.php\/wp-json\/wp\/v2\/media\/38"}],"wp:attachment":[{"href":"https:\/\/solariska.pl\/index.php\/wp-json\/wp\/v2\/media?parent=37"}],"wp:term":[{"taxonomy":"category","embeddable":true,"href":"https:\/\/solariska.pl\/index.php\/wp-json\/wp\/v2\/categories?post=37"},{"taxonomy":"post_tag","embeddable":true,"href":"https:\/\/solariska.pl\/index.php\/wp-json\/wp\/v2\/tags?post=37"}],"curies":[{"name":"wp","href":"https:\/\/api.w.org\/{rel}","templated":true}]}}