{"id":61,"date":"2022-09-02T09:50:31","date_gmt":"2022-09-02T07:50:31","guid":{"rendered":"http:\/\/solariska.pl\/?p=61"},"modified":"2023-05-18T14:18:35","modified_gmt":"2023-05-18T12:18:35","slug":"poczatek-wszystkich-poczatkow","status":"publish","type":"post","link":"https:\/\/solariska.pl\/index.php\/2022\/09\/02\/poczatek-wszystkich-poczatkow\/","title":{"rendered":"Pocz\u0105tek Wszystkich Pocz\u0105tk\u00f3w"},"content":{"rendered":"\n<p class=\"has-text-align-center\"><em>\u0179r\u00f3d\u0142o zdj\u0119cia:<\/em> pixabay<\/p>\n\n\n\n<p><\/p>\n\n\n\n<p><\/p>\n\n\n\n<p>Ach, wi\u0119c to tak. Mhm. To taki niespodziewany wachlarz emocji zdzieli\u0142 mnie dzisiejszego ranka po twarzy. Osmaga\u0142 niczym nadmorski wiatr. Dlaczego nikt mnie nie uprzedzi\u0142? Dlaczego ludzie uprzedzaj\u0105 o takich pierdo\u0142ach, \u017ce chleb podro\u017ceje i benzyna, \u017ce umrzemy, a nikt nie uprzedzi\u0142, jak rozbija si\u0119 \u015bwiat matki i serce si\u0119 rozdziera, gdy po raz pierwszy zostawia swoje roczne dziecko w \u017c\u0142obku? Z rozdartego serca tryskaj\u0105 \u0142zy, kt\u00f3re t\u0142umaczysz ra\u017c\u0105cym s\u0142o\u0144cem, bo przecie\u017c to wczesnowrze\u015bniowe mocno jeszcze potrafi pali\u0107. I to na pewno to. To wcale nie widok tej malutkiej twarzyczki zainteresowanej now\u0105 \u201ecioci\u0105\u201d, kt\u00f3ra od dzisiaj b\u0119dzie karmi\u0107, zmienia\u0107 pieluszk\u0119 i lula\u0107 do snu.<\/p>\n\n\n\n<p>Och, dlaczego to jest takie trudne. Czyta\u0142am gdzie\u015b tam na blogach, \u017ce \u017cywot matki nie jest \u0142atwy. Znowu teoria okaza\u0142a si\u0119 niczym w por\u00f3wnaniu z praktyk\u0105. Nie jest \u0142atwy? Jest zajebi\u015bcie trudny! Emocjonalne po\u0142\u0105czenie z dzieckiem swoj\u0105 si\u0142\u0105 mo\u017ce powali\u0107 niejeden mur. Mnie rozk\u0142ada na \u0142opatki. Wol\u0119 nie my\u015ble\u0107, co b\u0119dzie si\u0119 dzia\u0142o, gdy m\u00f3j malec przez kogo\u015b b\u0119dzie p\u0142aka\u0107. Niech ta osoba lepiej dobrze si\u0119 schowa.<\/p>\n\n\n\n<p>Ach, wrze\u015bniu. Dotychczas kojarzy\u0142e\u015b mi si\u0119 z lekko drgaj\u0105cym sercem z podekscytowania, zapachem nowych zeszyt\u00f3w i \u015bwie\u017cymi liniami na kartkach, czekaj\u0105cymi na zapisanie wiedz\u0105. Z przyjemnym pocz\u0105tkiem jesieni po upalnych i niesko\u0144czenie d\u0142ugich sierpniowych dniach. W ko\u0144cu tak\u017ce z drobn\u0105 nostalgi\u0105, gdy cykl szkolny ju\u017c przesta\u0142 nadawa\u0107 rytm \u017cyciu. Gdy wrzesie\u0144 to nie nowy pocz\u0105tek, a wspomnienie wszystkich start\u00f3w w nowe klasy, w nowe szko\u0142y, nowe rzeczywisto\u015bci.<\/p>\n\n\n\n<p>A teraz, wrze\u015bniu? Teraz te pocz\u0105tki b\u0119d\u0105 dla mnie chyba coraz trudniejsze. Do\u015bwiadczy\u0142am dzi\u015b pierwszego i p\u00f3ki co nie chc\u0119 wi\u0119cej. Dlaczego ludzie m\u00f3wi\u0105, \u017ce to por\u00f3d jest trudny? Dzisiaj poczu\u0142am, jakby kto\u015b mi dziecko wyrwa\u0142 z serca. \u017baden fizyczny b\u00f3l si\u0119 z tym nie r\u00f3wna.<\/p>\n\n\n\n<p>Jestem z\u0142a, \u017ce nikt nie uprzedza\u0142. A to dopiero \u017c\u0142obek! I przecie\u017c wszystko tak naprawd\u0119 przed nami\u2026<\/p>\n\n\n\n<p><\/p>\n\n\n\n<p><\/p>\n\n\n\n<p><\/p>\n\n\n\n<p><em>PS Tak, tak, wiem, \u017ce b\u0119dzie dobrze. Tak sobie tylko rozpaczam, ale to wszystko z delikatnym u\u015bmiechem, mo\u017ce ciut smutnawym.<\/em><\/p>\n","protected":false},"excerpt":{"rendered":"<p>Ach, wi\u0119c to tak. Mhm. To taki niespodziewany wachlarz emocji zdzieli\u0142 mnie dzisiejszego ranka po twarzy. Osmaga\u0142 niczym nadmorski wiatr. Dlaczego nikt mnie nie uprzedzi\u0142?<\/p>\n","protected":false},"author":1,"featured_media":62,"comment_status":"open","ping_status":"open","sticky":false,"template":"","format":"standard","meta":{"footnotes":""},"categories":[14,11],"tags":[],"class_list":["post-61","post","type-post","status-publish","format-standard","has-post-thumbnail","hentry","category-news","category-zycko"],"_links":{"self":[{"href":"https:\/\/solariska.pl\/index.php\/wp-json\/wp\/v2\/posts\/61","targetHints":{"allow":["GET"]}}],"collection":[{"href":"https:\/\/solariska.pl\/index.php\/wp-json\/wp\/v2\/posts"}],"about":[{"href":"https:\/\/solariska.pl\/index.php\/wp-json\/wp\/v2\/types\/post"}],"author":[{"embeddable":true,"href":"https:\/\/solariska.pl\/index.php\/wp-json\/wp\/v2\/users\/1"}],"replies":[{"embeddable":true,"href":"https:\/\/solariska.pl\/index.php\/wp-json\/wp\/v2\/comments?post=61"}],"version-history":[{"count":4,"href":"https:\/\/solariska.pl\/index.php\/wp-json\/wp\/v2\/posts\/61\/revisions"}],"predecessor-version":[{"id":89,"href":"https:\/\/solariska.pl\/index.php\/wp-json\/wp\/v2\/posts\/61\/revisions\/89"}],"wp:featuredmedia":[{"embeddable":true,"href":"https:\/\/solariska.pl\/index.php\/wp-json\/wp\/v2\/media\/62"}],"wp:attachment":[{"href":"https:\/\/solariska.pl\/index.php\/wp-json\/wp\/v2\/media?parent=61"}],"wp:term":[{"taxonomy":"category","embeddable":true,"href":"https:\/\/solariska.pl\/index.php\/wp-json\/wp\/v2\/categories?post=61"},{"taxonomy":"post_tag","embeddable":true,"href":"https:\/\/solariska.pl\/index.php\/wp-json\/wp\/v2\/tags?post=61"}],"curies":[{"name":"wp","href":"https:\/\/api.w.org\/{rel}","templated":true}]}}